{"id":3663,"date":"2026-08-30T22:14:45","date_gmt":"2026-08-31T05:14:45","guid":{"rendered":"https:\/\/inflexion.tv\/?p=3663"},"modified":"2026-08-30T22:14:45","modified_gmt":"2026-08-31T05:14:45","slug":"fgjes-localiza-sano-y-a-salvo-a-joven-reportado-como-desaparecido-en-puerto-penasco","status":"publish","type":"post","link":"https:\/\/inflexion.tv\/?p=3663","title":{"rendered":"FGJES localiza sano y a salvo a joven reportado como desaparecido en Puerto Pe\u00f1asco"},"content":{"rendered":"<p><br \/>\n<\/p>\n<div>\n<p class=\"wp-block-paragraph\">La Fiscal\u00eda General de Justicia del Estado de Sonora (FGJES) logr\u00f3 localizar con vida, sano y a salvo a un joven de 22 a\u00f1os de edad, quien manifest\u00f3 no haber sido v\u00edctima de alg\u00fan delito en Puerto Pe\u00f1asco, Sonora.<\/p>\n<p class=\"wp-block-paragraph\">La persona localizada, identificada como Gael Amador \u201cN\u201d, originario de Caborca, Sonora, hab\u00eda sido reportada como desaparecida por un familiar, quien manifest\u00f3 que durante la madrugada del 21 de agosto encontr\u00f3 sobre la cama una carta escrita por su hijo, en la que informaba que se retirar\u00eda por voluntad propia y que posteriormente regresar\u00eda.<\/p>\n<p class=\"wp-block-paragraph\">Como parte de las diligencias de investigaci\u00f3n, se dio seguimiento a la informaci\u00f3n obtenida mediante diversos audios enviados por el joven desde el tel\u00e9fono celular de un familiar que radica en el poblado La Y Griega, lo que permiti\u00f3 establecer su ubicaci\u00f3n y posteriormente lograr su localizaci\u00f3n.<\/p>\n<p class=\"wp-block-paragraph\">Una vez ubicado, el joven manifest\u00f3 encontrarse en buen estado de salud y se\u00f1al\u00f3 que no hab\u00eda sido v\u00edctima de ning\u00fan delito; su familiar inform\u00f3 a la autoridad investigadora que, al haber sido localizado y encontrarse fuera de riesgo, es su voluntad que no contin\u00faen las investigaciones relacionadas con su desaparici\u00f3n.<\/p>\n<p class=\"wp-block-paragraph\">Con estos resultados, la FGJES da por atendido el reporte correspondiente, sin perjuicio de las actuaciones administrativas y ministeriales necesarias para dejar constancia formal de la localizaci\u00f3n, privilegiando en todo momento la integridad y seguridad de las personas reportadas como desaparecidas o no localizadas.<\/p>\n<\/div>\n\n","protected":false},"excerpt":{"rendered":"<p>La Fiscal\u00eda General de Justicia del Estado de Sonora (FGJES) logr\u00f3 localizar con vida, sano y a salvo a un joven de 22 a\u00f1os de edad, quien manifest\u00f3 no haber sido v\u00edctima de alg\u00fan delito en Puerto Pe\u00f1asco, Sonora. La persona localizada, identificada como Gael Amador \u201cN\u201d, originario de Caborca, Sonora, hab\u00eda sido reportada como [&hellip;]<\/p>\n","protected":false},"author":1,"featured_media":3664,"comment_status":"open","ping_status":"open","sticky":false,"template":"","format":"standard","meta":{"footnotes":""},"categories":[75],"tags":[],"class_list":{"0":"post-3663","1":"post","2":"type-post","3":"status-publish","4":"format-standard","5":"has-post-thumbnail","7":"category-sonora"},"_links":{"self":[{"href":"https:\/\/inflexion.tv\/index.php?rest_route=\/wp\/v2\/posts\/3663","targetHints":{"allow":["GET"]}}],"collection":[{"href":"https:\/\/inflexion.tv\/index.php?rest_route=\/wp\/v2\/posts"}],"about":[{"href":"https:\/\/inflexion.tv\/index.php?rest_route=\/wp\/v2\/types\/post"}],"author":[{"embeddable":true,"href":"https:\/\/inflexion.tv\/index.php?rest_route=\/wp\/v2\/users\/1"}],"replies":[{"embeddable":true,"href":"https:\/\/inflexion.tv\/index.php?rest_route=%2Fwp%2Fv2%2Fcomments&post=3663"}],"version-history":[{"count":0,"href":"https:\/\/inflexion.tv\/index.php?rest_route=\/wp\/v2\/posts\/3663\/revisions"}],"wp:featuredmedia":[{"embeddable":true,"href":"https:\/\/inflexion.tv\/index.php?rest_route=\/wp\/v2\/media\/3664"}],"wp:attachment":[{"href":"https:\/\/inflexion.tv\/index.php?rest_route=%2Fwp%2Fv2%2Fmedia&parent=3663"}],"wp:term":[{"taxonomy":"category","embeddable":true,"href":"https:\/\/inflexion.tv\/index.php?rest_route=%2Fwp%2Fv2%2Fcategories&post=3663"},{"taxonomy":"post_tag","embeddable":true,"href":"https:\/\/inflexion.tv\/index.php?rest_route=%2Fwp%2Fv2%2Ftags&post=3663"}],"curies":[{"name":"wp","href":"https:\/\/api.w.org\/{rel}","templated":true}]}}