{"id":3665,"date":"2026-08-31T10:15:19","date_gmt":"2026-08-31T17:15:19","guid":{"rendered":"https:\/\/inflexion.tv\/?p=3665"},"modified":"2026-08-31T10:15:19","modified_gmt":"2026-08-31T17:15:19","slug":"huracan-karina-alcanza-categoria-4-en-el-pacifico-podria-generar-oleaje-en-baja-california-y-bcs","status":"publish","type":"post","link":"https:\/\/inflexion.tv\/?p=3665","title":{"rendered":"Hurac\u00e1n Karina alcanza categor\u00eda 4 en el Pac\u00edfico; podr\u00eda generar oleaje en Baja California y BCS"},"content":{"rendered":"<p><br \/>\n<\/p>\n<div>\n<p class=\"wp-block-paragraph\">El hurac\u00e1n Karina se fortaleci\u00f3 este lunes 31 de agosto hasta alcanzar la categor\u00eda 4 en el oc\u00e9ano Pac\u00edfico, con vientos sostenidos de 230 kil\u00f3metros por hora y rachas superiores, mientras mantiene una trayectoria hacia mar abierto.\u00a0<\/p>\n<p class=\"wp-block-paragraph\">De acuerdo con el Servicio Meteorol\u00f3gico Nacional y el Centro Nacional de Huracanes de Estados Unidos, el sistema se localiza aproximadamente a mil 640 kil\u00f3metros al oeste-suroeste de Cabo San Lucas, Baja California Sur, y avanza hacia el oeste a una velocidad cercana a los 15 kil\u00f3metros por hora.\u00a0<\/p>\n<p class=\"wp-block-paragraph\">Debido a su distancia y trayectoria, no se prev\u00e9 un impacto directo sobre territorio mexicano. Tampoco existen actualmente avisos o alertas costeras activas relacionadas con el cicl\u00f3n.\u00a0<\/p>\n<p class=\"wp-block-paragraph\">Sin embargo, el Centro Nacional de Huracanes advirti\u00f3 que las marejadas generadas por Karina podr\u00edan alcanzar sectores de la Pen\u00ednsula de Baja California y las costas del suroeste de M\u00e9xico, provocando oleaje elevado y corrientes de resaca potencialmente peligrosas.\u00a0<\/p>\n<p class=\"wp-block-paragraph\">El fen\u00f3meno present\u00f3 una r\u00e1pida intensificaci\u00f3n desde que se convirti\u00f3 en tormenta tropical el pasado jueves y posteriormente alcanz\u00f3 la categor\u00eda 1, 3 y finalmente 4 en pocos d\u00edas. El fortalecimiento ha sido favorecido por las condiciones c\u00e1lidas del oc\u00e9ano Pac\u00edfico.\u00a0<\/p>\n<p class=\"wp-block-paragraph\">El pron\u00f3stico del SMN se\u00f1ala que Karina podr\u00eda mantenerse como hurac\u00e1n categor\u00eda 4 durante las pr\u00f3ximas horas, antes de comenzar a debilitarse conforme avance sobre aguas del Pac\u00edfico y se aleje de la zona de influencia de M\u00e9xico.\u00a0<\/p>\n<p class=\"wp-block-paragraph\">Ante la presencia de oleaje elevado, se recomienda a la poblaci\u00f3n de las zonas costeras mantenerse atenta a los avisos de las autoridades mar\u00edtimas y de Protecci\u00f3n Civil, especialmente quienes realizan actividades en el mar.<\/p>\n<\/div>\n\n","protected":false},"excerpt":{"rendered":"<p>El hurac\u00e1n Karina se fortaleci\u00f3 este lunes 31 de agosto hasta alcanzar la categor\u00eda 4 en el oc\u00e9ano Pac\u00edfico, con vientos sostenidos de 230 kil\u00f3metros por hora y rachas superiores, mientras mantiene una trayectoria hacia mar abierto.\u00a0 De acuerdo con el Servicio Meteorol\u00f3gico Nacional y el Centro Nacional de Huracanes de Estados Unidos, el sistema [&hellip;]<\/p>\n","protected":false},"author":1,"featured_media":3666,"comment_status":"open","ping_status":"open","sticky":false,"template":"","format":"standard","meta":{"footnotes":""},"categories":[75],"tags":[],"class_list":{"0":"post-3665","1":"post","2":"type-post","3":"status-publish","4":"format-standard","5":"has-post-thumbnail","7":"category-sonora"},"_links":{"self":[{"href":"https:\/\/inflexion.tv\/index.php?rest_route=\/wp\/v2\/posts\/3665","targetHints":{"allow":["GET"]}}],"collection":[{"href":"https:\/\/inflexion.tv\/index.php?rest_route=\/wp\/v2\/posts"}],"about":[{"href":"https:\/\/inflexion.tv\/index.php?rest_route=\/wp\/v2\/types\/post"}],"author":[{"embeddable":true,"href":"https:\/\/inflexion.tv\/index.php?rest_route=\/wp\/v2\/users\/1"}],"replies":[{"embeddable":true,"href":"https:\/\/inflexion.tv\/index.php?rest_route=%2Fwp%2Fv2%2Fcomments&post=3665"}],"version-history":[{"count":0,"href":"https:\/\/inflexion.tv\/index.php?rest_route=\/wp\/v2\/posts\/3665\/revisions"}],"wp:featuredmedia":[{"embeddable":true,"href":"https:\/\/inflexion.tv\/index.php?rest_route=\/wp\/v2\/media\/3666"}],"wp:attachment":[{"href":"https:\/\/inflexion.tv\/index.php?rest_route=%2Fwp%2Fv2%2Fmedia&parent=3665"}],"wp:term":[{"taxonomy":"category","embeddable":true,"href":"https:\/\/inflexion.tv\/index.php?rest_route=%2Fwp%2Fv2%2Fcategories&post=3665"},{"taxonomy":"post_tag","embeddable":true,"href":"https:\/\/inflexion.tv\/index.php?rest_route=%2Fwp%2Fv2%2Ftags&post=3665"}],"curies":[{"name":"wp","href":"https:\/\/api.w.org\/{rel}","templated":true}]}}