{"id":3667,"date":"2026-08-31T22:16:34","date_gmt":"2026-09-01T05:16:34","guid":{"rendered":"https:\/\/inflexion.tv\/?p=3667"},"modified":"2026-08-31T22:16:34","modified_gmt":"2026-09-01T05:16:34","slug":"desea-lorenia-valles-buen-regreso-a-clases-a-comunidad-escolar","status":"publish","type":"post","link":"https:\/\/inflexion.tv\/?p=3667","title":{"rendered":"Desea Lorenia Valles buen regreso a clases a comunidad escolar"},"content":{"rendered":"<p><br \/>\n<\/p>\n<div>\n<p class=\"wp-block-paragraph\">\u201cDespu\u00e9s de varias semanas de vacaciones, en Sonora, alrededor de 500 mil ni\u00f1as y ni\u00f1os de educaci\u00f3n b\u00e1sica volvieron a las aulas. Para que as\u00ed sea, detr\u00e1s hay un esfuerzo de la comunidad escolar que refleja el esfuerzo de las autoridades educativas, maestras, maestros, madres y padres, quienes ponen su granito de arena para contribuir a la formaci\u00f3n de las nuevas generaciones. Deseo un buen regreso a clases a la comunidad escolar\u201d, afirm\u00f3 la senadora con licencia Lorenia Valles.<\/p>\n<p class=\"wp-block-paragraph\">La aspirante a la Coordinaci\u00f3n de los Comit\u00e9s de la Transformaci\u00f3n y la Soberan\u00eda Nacional destac\u00f3 el compromiso de la presidenta de la Rep\u00fablica y del gobernador de Sonora, quienes asumen la educaci\u00f3n como el motor de la transformaci\u00f3n social.<\/p>\n<p class=\"wp-block-paragraph\">\u201cTenemos varios ejemplos que demuestran el compromiso de la presidenta Claudia Sheinbaum y del gobernador Alfonso Durazo con la educaci\u00f3n de nuestras hijas e hijos. Desde los esfuerzos en materia de infraestructura escolar, construyendo nuevas escuelas y modernizando las existentes; hasta los programas de becas, uniformes, \u00fatiles y desayunos escolares. Con estos programas se garantiza que la educaci\u00f3n sea un derecho de todas y todos, no un privilegio de unos cuantos\u201d, subray\u00f3 Valles Sampedro.<\/p>\n<p class=\"wp-block-paragraph\">La legisladora con licencia record\u00f3 que actualmente los programas de becas son universales, por lo que pueden beneficiar a todas y todos los estudiantes.<br \/>\u201cAntes los programas de becas eran excluyentes; limitaban su acceso \u00fanicamente a quienes ten\u00edan mejores calificaciones, dejando afuera a quienes no cumpl\u00edan con este requisito por diferentes circunstancias. Ahora, las becas son para todas y todos los estudiantes sin discriminaci\u00f3n, lo cual evita la deserci\u00f3n escolar y asegura que cuenten con m\u00e1s recursos para atender sus necesidades. Tan solo en lo que va de su actual administraci\u00f3n, el Gobierno de Sonora ha invertido alrededor de 3,600 millones de pesos en el programa de becas\u201d, concluy\u00f3 Lorenia Valles.<\/p>\n<\/div>\n\n","protected":false},"excerpt":{"rendered":"<p>\u201cDespu\u00e9s de varias semanas de vacaciones, en Sonora, alrededor de 500 mil ni\u00f1as y ni\u00f1os de educaci\u00f3n b\u00e1sica volvieron a las aulas. Para que as\u00ed sea, detr\u00e1s hay un esfuerzo de la comunidad escolar que refleja el esfuerzo de las autoridades educativas, maestras, maestros, madres y padres, quienes ponen su granito de arena para contribuir [&hellip;]<\/p>\n","protected":false},"author":1,"featured_media":3668,"comment_status":"open","ping_status":"open","sticky":false,"template":"","format":"standard","meta":{"footnotes":""},"categories":[75],"tags":[],"class_list":{"0":"post-3667","1":"post","2":"type-post","3":"status-publish","4":"format-standard","5":"has-post-thumbnail","7":"category-sonora"},"_links":{"self":[{"href":"https:\/\/inflexion.tv\/index.php?rest_route=\/wp\/v2\/posts\/3667","targetHints":{"allow":["GET"]}}],"collection":[{"href":"https:\/\/inflexion.tv\/index.php?rest_route=\/wp\/v2\/posts"}],"about":[{"href":"https:\/\/inflexion.tv\/index.php?rest_route=\/wp\/v2\/types\/post"}],"author":[{"embeddable":true,"href":"https:\/\/inflexion.tv\/index.php?rest_route=\/wp\/v2\/users\/1"}],"replies":[{"embeddable":true,"href":"https:\/\/inflexion.tv\/index.php?rest_route=%2Fwp%2Fv2%2Fcomments&post=3667"}],"version-history":[{"count":0,"href":"https:\/\/inflexion.tv\/index.php?rest_route=\/wp\/v2\/posts\/3667\/revisions"}],"wp:featuredmedia":[{"embeddable":true,"href":"https:\/\/inflexion.tv\/index.php?rest_route=\/wp\/v2\/media\/3668"}],"wp:attachment":[{"href":"https:\/\/inflexion.tv\/index.php?rest_route=%2Fwp%2Fv2%2Fmedia&parent=3667"}],"wp:term":[{"taxonomy":"category","embeddable":true,"href":"https:\/\/inflexion.tv\/index.php?rest_route=%2Fwp%2Fv2%2Fcategories&post=3667"},{"taxonomy":"post_tag","embeddable":true,"href":"https:\/\/inflexion.tv\/index.php?rest_route=%2Fwp%2Fv2%2Ftags&post=3667"}],"curies":[{"name":"wp","href":"https:\/\/api.w.org\/{rel}","templated":true}]}}