{"id":3671,"date":"2026-09-01T22:17:57","date_gmt":"2026-09-02T05:17:57","guid":{"rendered":"https:\/\/inflexion.tv\/?p=3671"},"modified":"2026-09-01T22:17:57","modified_gmt":"2026-09-02T05:17:57","slug":"trabajaremos-en-los-principales-desafios-de-sonora-david-figueroa","status":"publish","type":"post","link":"https:\/\/inflexion.tv\/?p=3671","title":{"rendered":"\u201cTrabajaremos en los principales desaf\u00edos de Sonora\u201d: David Figueroa"},"content":{"rendered":"<p><br \/>\n<\/p>\n<div>\n<p class=\"wp-block-paragraph\">El coordinador de la bancada del Partido Verde Ecologista de M\u00e9xico, David Figueroa Ortega, garantiz\u00f3 que trabajar\u00e1n para enfrentar los nuevos retos por los que atraviesa Sonora, en materia ecol\u00f3gica, econ\u00f3mica y social.<\/p>\n<p class=\"wp-block-paragraph\">En la presentaci\u00f3n de agenda de la ecobancada, en este inicio del periodo ordinario de sesiones del Congreso de Sonora, David Figueroa, destac\u00f3 que trabajar\u00e1n en los pr\u00f3ximos meses en la presentaci\u00f3n de propuestas de gran impacto, como la nueva ley de residuos para Sonora.<\/p>\n<p class=\"wp-block-paragraph\">El Partido Verde, asever\u00f3 trabajar\u00e1 en 6 ejes fundamentales, como es la conservaci\u00f3n del medio ambiente, para lo cual se tendr\u00e1 un especial \u00e9nfasis en el tema del agua, una nueva ley de econom\u00eda circular y promover\u00e1n la creaci\u00f3n del Parlamento Anual del Medio Ambiente para Sonora.<\/p>\n<p class=\"wp-block-paragraph\">\u201cBuscaremos digitalizar los tr\u00e1mites ambientales y complementar las sanciones, con acciones de educaci\u00f3n, concientizaci\u00f3n y restauraci\u00f3n, el segundo eje es la salud, el bienestar y el apoyo integral\u201d.<\/p>\n<p class=\"wp-block-paragraph\">Afirm\u00f3 que el partido verde acompa\u00f1ar\u00e1 al Ejecutivo de Sonora, en las propuestas y leyes que sean de beneficio y los programas que traen desarrollo a las familias.<\/p>\n<figure class=\"wp-block-embed is-type-video is-provider-youtube wp-block-embed-youtube wp-embed-aspect-16-9 wp-has-aspect-ratio\">\n<p><div class=\"youtube-embed\" data-video_id=\"DKh4APya-0U\"><iframe loading=\"lazy\" title=\"\u201cTRABAJAREMOS EN LOS PRINCIPALES DESAF\u00cdOS DE SONORA\u201d: DAVID FIGUEROA\" width=\"640\" height=\"360\" src=\"https:\/\/www.youtube.com\/embed\/DKh4APya-0U?feature=oembed&#038;enablejsapi=1\" frameborder=\"0\" allow=\"accelerometer; autoplay; clipboard-write; encrypted-media; gyroscope; picture-in-picture; web-share\" referrerpolicy=\"strict-origin-when-cross-origin\" allowfullscreen><\/iframe><\/div>\n<\/p>\n<\/figure>\n<\/div>\n\n","protected":false},"excerpt":{"rendered":"<p>El coordinador de la bancada del Partido Verde Ecologista de M\u00e9xico, David Figueroa Ortega, garantiz\u00f3 que trabajar\u00e1n para enfrentar los nuevos retos por los que atraviesa Sonora, en materia ecol\u00f3gica, econ\u00f3mica y social. En la presentaci\u00f3n de agenda de la ecobancada, en este inicio del periodo ordinario de sesiones del Congreso de Sonora, David Figueroa, [&hellip;]<\/p>\n","protected":false},"author":1,"featured_media":3672,"comment_status":"open","ping_status":"open","sticky":false,"template":"","format":"standard","meta":{"footnotes":""},"categories":[75],"tags":[],"class_list":{"0":"post-3671","1":"post","2":"type-post","3":"status-publish","4":"format-standard","5":"has-post-thumbnail","7":"category-sonora"},"_links":{"self":[{"href":"https:\/\/inflexion.tv\/index.php?rest_route=\/wp\/v2\/posts\/3671","targetHints":{"allow":["GET"]}}],"collection":[{"href":"https:\/\/inflexion.tv\/index.php?rest_route=\/wp\/v2\/posts"}],"about":[{"href":"https:\/\/inflexion.tv\/index.php?rest_route=\/wp\/v2\/types\/post"}],"author":[{"embeddable":true,"href":"https:\/\/inflexion.tv\/index.php?rest_route=\/wp\/v2\/users\/1"}],"replies":[{"embeddable":true,"href":"https:\/\/inflexion.tv\/index.php?rest_route=%2Fwp%2Fv2%2Fcomments&post=3671"}],"version-history":[{"count":0,"href":"https:\/\/inflexion.tv\/index.php?rest_route=\/wp\/v2\/posts\/3671\/revisions"}],"wp:featuredmedia":[{"embeddable":true,"href":"https:\/\/inflexion.tv\/index.php?rest_route=\/wp\/v2\/media\/3672"}],"wp:attachment":[{"href":"https:\/\/inflexion.tv\/index.php?rest_route=%2Fwp%2Fv2%2Fmedia&parent=3671"}],"wp:term":[{"taxonomy":"category","embeddable":true,"href":"https:\/\/inflexion.tv\/index.php?rest_route=%2Fwp%2Fv2%2Fcategories&post=3671"},{"taxonomy":"post_tag","embeddable":true,"href":"https:\/\/inflexion.tv\/index.php?rest_route=%2Fwp%2Fv2%2Ftags&post=3671"}],"curies":[{"name":"wp","href":"https:\/\/api.w.org\/{rel}","templated":true}]}}