{"id":3673,"date":"2026-09-02T10:18:44","date_gmt":"2026-09-02T17:18:44","guid":{"rendered":"https:\/\/inflexion.tv\/?p=3673"},"modified":"2026-09-02T10:18:44","modified_gmt":"2026-09-02T17:18:44","slug":"advierten-riesgos-para-el-mar-de-cortes-por-mega-desaladora-de-arizona-en-puerto-penasco","status":"publish","type":"post","link":"https:\/\/inflexion.tv\/?p=3673","title":{"rendered":"Advierten riesgos para el Mar de Cort\u00e9s por mega desaladora de Arizona en Puerto Pe\u00f1asco"},"content":{"rendered":"<p><br \/>\n<\/p>\n<div>\n<p class=\"wp-block-paragraph\">La propuesta para construir una mega desaladora en Puerto Pe\u00f1asco, Sonora, para abastecer de agua a Arizona, nuevamente ha generado cuestionamientos entre especialistas, quienes advierten sobre los posibles efectos ambientales que podr\u00eda ocasionar en el Mar de Cort\u00e9s.<\/p>\n<p class=\"wp-block-paragraph\">N\u00e9lida Barajas Acosta, integrante del Centro de Estudios de Desiertos y Oc\u00e9anos (CEDO), se\u00f1al\u00f3 que el proyecto ha tenido distintos momentos de impulso y estancamiento durante los \u00faltimos a\u00f1os, pero consider\u00f3 que actualmente no existen condiciones suficientes para que avance en los t\u00e9rminos planteados.<\/p>\n<p class=\"wp-block-paragraph\">La especialista sostuvo que el agua en M\u00e9xico es un bien nacional y un derecho de los ciudadanos, por lo que cualquier propuesta que contemple destinar el recurso hacia Estados Unidos tendr\u00eda que ser revisada y autorizada por las instancias federales correspondientes.<\/p>\n<p class=\"wp-block-paragraph\">Barajas Acosta tambi\u00e9n cuestion\u00f3 que Puerto Pe\u00f1asco vuelva a ser considerado como una fuente para atender las necesidades h\u00eddricas de Arizona, cuando todav\u00eda existen colonias del municipio que enfrentan dificultades para contar con agua. Adem\u00e1s, advirti\u00f3 que la operaci\u00f3n de una desaladora generar\u00eda descargas de agua con alta concentraci\u00f3n de sales que tendr\u00edan que ser manejadas adecuadamente.<\/p>\n<p class=\"wp-block-paragraph\">Por su parte, Germ\u00e1n Eduardo D\u00e9vora Isiordia, profesor investigador del Instituto Tecnol\u00f3gico de Sonora y especialista en sistemas de desalaci\u00f3n, indic\u00f3 que la construcci\u00f3n de una planta de estas caracter\u00edsticas es t\u00e9cnicamente viable, aunque existen diversos factores ambientales que deben ser analizados antes de autorizarla.<\/p>\n<p class=\"wp-block-paragraph\">El investigador explic\u00f3 que Arizona, Nevada y California enfrentan una creciente presi\u00f3n sobre la disponibilidad de agua y que la desalaci\u00f3n representa una de las alternativas para compensar parte de los vol\u00famenes que actualmente reciben del r\u00edo Colorado. Sin embargo, destac\u00f3 que un proyecto de esta magnitud requiere estudios ambientales debido a su car\u00e1cter transnacional y a los posibles efectos de sus descargas.<\/p>\n<p class=\"wp-block-paragraph\">Uno de los principales puntos de preocupaci\u00f3n es el manejo de la salmuera, un residuo altamente concentrado que se genera durante el proceso de desalaci\u00f3n. D\u00e9vora se\u00f1al\u00f3 que las condiciones particulares del Mar de Cort\u00e9s, incluyendo zonas con poca circulaci\u00f3n de agua, hacen necesario estudiar cuidadosamente los posibles efectos sobre h\u00e1bitats, peces y otras especies.<\/p>\n<p class=\"wp-block-paragraph\">Ante este escenario, el investigador plante\u00f3 la creaci\u00f3n de un frente integrado por universidades y especialistas que permita analizar el proyecto, exigir estudios ambientales profundos y establecer un di\u00e1logo con las autoridades antes de que se tome una decisi\u00f3n sobre la construcci\u00f3n de la mega desaladora.<\/p>\n<\/div>\n\n","protected":false},"excerpt":{"rendered":"<p>La propuesta para construir una mega desaladora en Puerto Pe\u00f1asco, Sonora, para abastecer de agua a Arizona, nuevamente ha generado cuestionamientos entre especialistas, quienes advierten sobre los posibles efectos ambientales que podr\u00eda ocasionar en el Mar de Cort\u00e9s. N\u00e9lida Barajas Acosta, integrante del Centro de Estudios de Desiertos y Oc\u00e9anos (CEDO), se\u00f1al\u00f3 que el proyecto [&hellip;]<\/p>\n","protected":false},"author":1,"featured_media":3674,"comment_status":"open","ping_status":"open","sticky":false,"template":"","format":"standard","meta":{"footnotes":""},"categories":[75],"tags":[],"class_list":{"0":"post-3673","1":"post","2":"type-post","3":"status-publish","4":"format-standard","5":"has-post-thumbnail","7":"category-sonora"},"_links":{"self":[{"href":"https:\/\/inflexion.tv\/index.php?rest_route=\/wp\/v2\/posts\/3673","targetHints":{"allow":["GET"]}}],"collection":[{"href":"https:\/\/inflexion.tv\/index.php?rest_route=\/wp\/v2\/posts"}],"about":[{"href":"https:\/\/inflexion.tv\/index.php?rest_route=\/wp\/v2\/types\/post"}],"author":[{"embeddable":true,"href":"https:\/\/inflexion.tv\/index.php?rest_route=\/wp\/v2\/users\/1"}],"replies":[{"embeddable":true,"href":"https:\/\/inflexion.tv\/index.php?rest_route=%2Fwp%2Fv2%2Fcomments&post=3673"}],"version-history":[{"count":0,"href":"https:\/\/inflexion.tv\/index.php?rest_route=\/wp\/v2\/posts\/3673\/revisions"}],"wp:featuredmedia":[{"embeddable":true,"href":"https:\/\/inflexion.tv\/index.php?rest_route=\/wp\/v2\/media\/3674"}],"wp:attachment":[{"href":"https:\/\/inflexion.tv\/index.php?rest_route=%2Fwp%2Fv2%2Fmedia&parent=3673"}],"wp:term":[{"taxonomy":"category","embeddable":true,"href":"https:\/\/inflexion.tv\/index.php?rest_route=%2Fwp%2Fv2%2Fcategories&post=3673"},{"taxonomy":"post_tag","embeddable":true,"href":"https:\/\/inflexion.tv\/index.php?rest_route=%2Fwp%2Fv2%2Ftags&post=3673"}],"curies":[{"name":"wp","href":"https:\/\/api.w.org\/{rel}","templated":true}]}}