{"id":3675,"date":"2026-09-02T22:20:31","date_gmt":"2026-09-03T05:20:31","guid":{"rendered":"https:\/\/inflexion.tv\/?p=3675"},"modified":"2026-09-02T22:20:31","modified_gmt":"2026-09-03T05:20:31","slug":"heriberto-aguilar-respalda-a-durazo-ante-colosio-la-critica-exige-congruencia-y-autoridad-moral","status":"publish","type":"post","link":"https:\/\/inflexion.tv\/?p=3675","title":{"rendered":"Heriberto Aguilar respalda a Durazo ante Colosio: \u201cLa cr\u00edtica exige congruencia y autoridad moral\u201d"},"content":{"rendered":"<p><br \/>\n<\/p>\n<div>\n<p class=\"wp-block-paragraph\">El senador por Sonora, Heriberto Aguilar Castillo, respald\u00f3 la postura del gobernador Alfonso Durazo Monta\u00f1o ante las cr\u00edticas realizadas por Luis Donaldo Colosio Riojas al rumbo del pa\u00eds, y sostuvo que cuestionar es leg\u00edtimo, pero tambi\u00e9n exige \u201ccongruencia, experiencia y autoridad moral\u201d.<\/p>\n<p class=\"wp-block-paragraph\">Aguilar destac\u00f3 los resultados alcanzados durante los gobiernos de la Cuarta Transformaci\u00f3n, entre ellos la recuperaci\u00f3n del salario m\u00ednimo, las pensiones, becas y apoyos para quienes m\u00e1s lo necesitan.<\/p>\n<p class=\"wp-block-paragraph\">El legislador sonorense se\u00f1al\u00f3 adem\u00e1s avances en infraestructura estrat\u00e9gica y destac\u00f3 el regreso de los trenes de pasajeros como parte de las transformaciones impulsadas en M\u00e9xico.<\/p>\n<p class=\"wp-block-paragraph\">\u201cHay retos, pero tambi\u00e9n una transformaci\u00f3n profunda que no puede desconocerse\u201d, afirm\u00f3.<\/p>\n<p class=\"wp-block-paragraph\">Heriberto Aguilar manifest\u00f3 tambi\u00e9n su respaldo a la presidenta Claudia Sheinbaum Pardo y asegur\u00f3 que continuar\u00e1n trabajando para consolidar los cambios emprendidos en el pa\u00eds.<\/p>\n<p class=\"wp-block-paragraph\">\u201cSin dudar respaldamos a nuestra presidenta. Seguiremos construyendo bienestar y dignidad para el pueblo de M\u00e9xico\u201d, expres\u00f3.<\/p>\n<p class=\"wp-block-paragraph\">El posicionamiento de Aguilar se suma a las reacciones generadas despu\u00e9s de los se\u00f1alamientos de Colosio Riojas y la respuesta p\u00fablica del gobernador Alfonso Durazo.<\/p>\n<\/div>\n\n","protected":false},"excerpt":{"rendered":"<p>El senador por Sonora, Heriberto Aguilar Castillo, respald\u00f3 la postura del gobernador Alfonso Durazo Monta\u00f1o ante las cr\u00edticas realizadas por Luis Donaldo Colosio Riojas al rumbo del pa\u00eds, y sostuvo que cuestionar es leg\u00edtimo, pero tambi\u00e9n exige \u201ccongruencia, experiencia y autoridad moral\u201d. Aguilar destac\u00f3 los resultados alcanzados durante los gobiernos de la Cuarta Transformaci\u00f3n, entre [&hellip;]<\/p>\n","protected":false},"author":1,"featured_media":3676,"comment_status":"open","ping_status":"open","sticky":false,"template":"","format":"standard","meta":{"footnotes":""},"categories":[75],"tags":[],"class_list":{"0":"post-3675","1":"post","2":"type-post","3":"status-publish","4":"format-standard","5":"has-post-thumbnail","7":"category-sonora"},"_links":{"self":[{"href":"https:\/\/inflexion.tv\/index.php?rest_route=\/wp\/v2\/posts\/3675","targetHints":{"allow":["GET"]}}],"collection":[{"href":"https:\/\/inflexion.tv\/index.php?rest_route=\/wp\/v2\/posts"}],"about":[{"href":"https:\/\/inflexion.tv\/index.php?rest_route=\/wp\/v2\/types\/post"}],"author":[{"embeddable":true,"href":"https:\/\/inflexion.tv\/index.php?rest_route=\/wp\/v2\/users\/1"}],"replies":[{"embeddable":true,"href":"https:\/\/inflexion.tv\/index.php?rest_route=%2Fwp%2Fv2%2Fcomments&post=3675"}],"version-history":[{"count":0,"href":"https:\/\/inflexion.tv\/index.php?rest_route=\/wp\/v2\/posts\/3675\/revisions"}],"wp:featuredmedia":[{"embeddable":true,"href":"https:\/\/inflexion.tv\/index.php?rest_route=\/wp\/v2\/media\/3676"}],"wp:attachment":[{"href":"https:\/\/inflexion.tv\/index.php?rest_route=%2Fwp%2Fv2%2Fmedia&parent=3675"}],"wp:term":[{"taxonomy":"category","embeddable":true,"href":"https:\/\/inflexion.tv\/index.php?rest_route=%2Fwp%2Fv2%2Fcategories&post=3675"},{"taxonomy":"post_tag","embeddable":true,"href":"https:\/\/inflexion.tv\/index.php?rest_route=%2Fwp%2Fv2%2Ftags&post=3675"}],"curies":[{"name":"wp","href":"https:\/\/api.w.org\/{rel}","templated":true}]}}