{"id":3677,"date":"2026-09-03T10:21:36","date_gmt":"2026-09-03T17:21:36","guid":{"rendered":"https:\/\/inflexion.tv\/?p=3677"},"modified":"2026-09-03T10:21:36","modified_gmt":"2026-09-03T17:21:36","slug":"gobernador-durazo-duplica-policia-estatal-se-integran-271-nuevos-elementos-egresados-de-la-usp","status":"publish","type":"post","link":"https:\/\/inflexion.tv\/?p=3677","title":{"rendered":"Gobernador Durazo duplica Polic\u00eda Estatal: se integran 271 nuevos elementos egresados de la USP"},"content":{"rendered":"<p><br \/>\n<\/p>\n<div>\n<p class=\"wp-block-paragraph\">Como resultado de la estrategia integral para fortalecer las instituciones encargadas de brindar seguridad a las y los sonorenses, el gobernador Alfonso Durazo Monta\u00f1o encabez\u00f3 la ceremonia de graduaci\u00f3n de 271 cadetes de la Generaci\u00f3n Drag\u00f3n, quienes culminaron su formaci\u00f3n inicial y se incorporar\u00e1n a la Polic\u00eda Estatal de Seguridad P\u00fablica (PESP).<\/p>\n<p class=\"wp-block-paragraph\">Durante el evento, el mandatario estatal, acompa\u00f1ado por el secretario de Seguridad en Sonora Braulio Mart\u00ednez Navarrete, destac\u00f3 que la formaci\u00f3n y profesionalizaci\u00f3n de las mujeres y hombres que integran las corporaciones de seguridad ha sido una de las principales prioridades de su administraci\u00f3n.<\/p>\n<p class=\"wp-block-paragraph\">Record\u00f3 que, al inicio de su gobierno, en 2021, la Polic\u00eda Estatal contaba con apenas 866 elementos, cifra que se ha incrementado hasta superar los 2 mil efectivos con la incorporaci\u00f3n de nuevas generaciones formadas en la Universidad de la Seguridad P\u00fablica (USP).<\/p>\n<p class=\"wp-block-paragraph\">\u201cUstedes son el coraz\u00f3n del fortalecimiento institucional de las \u00e1reas de seguridad. No hay nada que pueda sustituir al recurso humano. La esencia de la construcci\u00f3n de instituciones est\u00e1 en la formaci\u00f3n del personal de seguridad y es a ustedes a quienes, por nuestro conducto, la sociedad pone en sus manos el anhelo m\u00e1s preciado: la recuperaci\u00f3n total de la paz y la tranquilidad.\u201d, expres\u00f3 el gobernador ante las y los integrantes de la nueva generaci\u00f3n.<\/p>\n<p class=\"wp-block-paragraph\">El mandatario estatal se\u00f1al\u00f3 que, adem\u00e1s del fortalecimiento del estado de fuerza, su administraci\u00f3n ha realizado importantes inversiones en equipamiento e infraestructura, entre ellas la adquisici\u00f3n de 920 patrullas, el fortalecimiento de las capacidades de videovigilancia y la recuperaci\u00f3n y dignificaci\u00f3n de las instituciones de seguridad.<\/p>\n<p class=\"wp-block-paragraph\">Sin embargo, subray\u00f3 que la esencia de la transformaci\u00f3n de las corporaciones se encuentra en la preparaci\u00f3n de sus integrantes, raz\u00f3n por la cual se cre\u00f3 la Universidad de la Seguridad P\u00fablica, instituci\u00f3n encargada de formar a las nuevas generaciones de profesionales que tendr\u00e1n la responsabilidad de contribuir a recuperar la paz y la tranquilidad de Sonora.<\/p>\n<p class=\"wp-block-paragraph\">La Generaci\u00f3n Drag\u00f3n, integrada por 130 mujeres y 141 hombres, es la m\u00e1s numerosa desde la creaci\u00f3n de la USP. Sus 271 integrantes culminaron satisfactoriamente su formaci\u00f3n policial inicial y, en su gran mayor\u00eda, ya concretaron su proceso de incorporaci\u00f3n a la Polic\u00eda Estatal de Seguridad P\u00fablica.<\/p>\n<p class=\"wp-block-paragraph\">Asimismo, durante la ceremonia se reconoci\u00f3 a los cinco egresados de la primera generaci\u00f3n de T\u00e9cnico Superior Universitario en Seguridad P\u00fablica y Seguridad Ciudadana, lo que representa otro avance en la profesionalizaci\u00f3n de quienes integran las instituciones responsables de la seguridad en Sonora.<\/p>\n<p class=\"wp-block-paragraph\">El titular del Ejecutivo estatal destac\u00f3 que las y los integrantes de esta generaci\u00f3n tendr\u00e1n la oportunidad de continuar su preparaci\u00f3n acad\u00e9mica, ya que el proyecto de fortalecimiento de la Universidad de la Seguridad P\u00fablica contempla nuevas y mejores instalaciones, as\u00ed como programas de licenciatura, maestr\u00eda, doctorado y otras carreras relacionadas con la seguridad p\u00fablica, la procuraci\u00f3n y administraci\u00f3n de justicia.<\/p>\n<p class=\"wp-block-paragraph\">En el evento participaron Braulio Mart\u00ednez Navarrete, secretario de Seguridad y Protecci\u00f3n Ciudadana; Irlanda Guadalupe Monreal Durazo, encargada del despacho de la Rector\u00eda de la Universidad de la Seguridad P\u00fablica del Estado, as\u00ed como representantes de las instituciones de seguridad y procuraci\u00f3n de justicia de los tres \u00f3rdenes de gobierno.<\/p>\n<figure class=\"wp-block-embed is-type-video is-provider-youtube wp-block-embed-youtube wp-embed-aspect-16-9 wp-has-aspect-ratio\">\n<p><div class=\"youtube-embed\" data-video_id=\"ShJe0YgntKY\"><iframe loading=\"lazy\" title=\"GOBERNADOR DURAZO DUPLICA POLIC\u00cdA ESTATAL: SE INTEGRAN 271 NUEVOS ELEMENTOS EGRESADOS DE LA USP\" width=\"640\" height=\"360\" src=\"https:\/\/www.youtube.com\/embed\/ShJe0YgntKY?feature=oembed&#038;enablejsapi=1\" frameborder=\"0\" allow=\"accelerometer; autoplay; clipboard-write; encrypted-media; gyroscope; picture-in-picture; web-share\" referrerpolicy=\"strict-origin-when-cross-origin\" allowfullscreen><\/iframe><\/div>\n<\/p>\n<\/figure>\n<\/div>\n\n","protected":false},"excerpt":{"rendered":"<p>Como resultado de la estrategia integral para fortalecer las instituciones encargadas de brindar seguridad a las y los sonorenses, el gobernador Alfonso Durazo Monta\u00f1o encabez\u00f3 la ceremonia de graduaci\u00f3n de 271 cadetes de la Generaci\u00f3n Drag\u00f3n, quienes culminaron su formaci\u00f3n inicial y se incorporar\u00e1n a la Polic\u00eda Estatal de Seguridad P\u00fablica (PESP). Durante el evento, [&hellip;]<\/p>\n","protected":false},"author":1,"featured_media":3678,"comment_status":"open","ping_status":"open","sticky":false,"template":"","format":"standard","meta":{"footnotes":""},"categories":[75],"tags":[],"class_list":{"0":"post-3677","1":"post","2":"type-post","3":"status-publish","4":"format-standard","5":"has-post-thumbnail","7":"category-sonora"},"_links":{"self":[{"href":"https:\/\/inflexion.tv\/index.php?rest_route=\/wp\/v2\/posts\/3677","targetHints":{"allow":["GET"]}}],"collection":[{"href":"https:\/\/inflexion.tv\/index.php?rest_route=\/wp\/v2\/posts"}],"about":[{"href":"https:\/\/inflexion.tv\/index.php?rest_route=\/wp\/v2\/types\/post"}],"author":[{"embeddable":true,"href":"https:\/\/inflexion.tv\/index.php?rest_route=\/wp\/v2\/users\/1"}],"replies":[{"embeddable":true,"href":"https:\/\/inflexion.tv\/index.php?rest_route=%2Fwp%2Fv2%2Fcomments&post=3677"}],"version-history":[{"count":0,"href":"https:\/\/inflexion.tv\/index.php?rest_route=\/wp\/v2\/posts\/3677\/revisions"}],"wp:featuredmedia":[{"embeddable":true,"href":"https:\/\/inflexion.tv\/index.php?rest_route=\/wp\/v2\/media\/3678"}],"wp:attachment":[{"href":"https:\/\/inflexion.tv\/index.php?rest_route=%2Fwp%2Fv2%2Fmedia&parent=3677"}],"wp:term":[{"taxonomy":"category","embeddable":true,"href":"https:\/\/inflexion.tv\/index.php?rest_route=%2Fwp%2Fv2%2Fcategories&post=3677"},{"taxonomy":"post_tag","embeddable":true,"href":"https:\/\/inflexion.tv\/index.php?rest_route=%2Fwp%2Fv2%2Ftags&post=3677"}],"curies":[{"name":"wp","href":"https:\/\/api.w.org\/{rel}","templated":true}]}}