{"id":3681,"date":"2026-09-04T10:24:58","date_gmt":"2026-09-04T17:24:58","guid":{"rendered":"https:\/\/inflexion.tv\/?p=3681"},"modified":"2026-09-04T10:24:58","modified_gmt":"2026-09-04T17:24:58","slug":"sonora-alista-la-quinta-gran-carrera-del-desierto-con-participantes-de-12-paises","status":"publish","type":"post","link":"https:\/\/inflexion.tv\/?p=3681","title":{"rendered":"Sonora alista la quinta gran carrera del desierto con participantes de 12 pa\u00edses"},"content":{"rendered":"<p><br \/>\n<\/p>\n<div>\n<p class=\"wp-block-paragraph\">Sonora se prepara para recibir el pr\u00f3ximo 24 de octubre la quinta edici\u00f3n de la Gran Carrera del Desierto, evento que espera reunir a m\u00e1s de 600 corredoras y corredores, con participaci\u00f3n de competidores provenientes de 12 pa\u00edses.<\/p>\n<p class=\"wp-block-paragraph\">La competencia, impulsada por el Gobierno de Sonora a trav\u00e9s de la Secretar\u00eda de Econom\u00eda y Turismo (SETUR), busca consolidarse como una de las principales experiencias de trail running en M\u00e9xico y fortalecer la proyecci\u00f3n del estado como destino de turismo de aventura, naturaleza y deporte.<\/p>\n<p class=\"wp-block-paragraph\">El titular de SETUR, Roberto Gradillas Pineda, destac\u00f3 que la carrera permitir\u00e1 mostrar escenarios naturales como el Gran Desierto de Altar y la regi\u00f3n del Mar de Cort\u00e9s, adem\u00e1s de generar actividad econ\u00f3mica para las comunidades de la zona.<\/p>\n<p class=\"wp-block-paragraph\">\u201cLa Gran Carrera del Desierto representa una oportunidad extraordinaria para mostrar al mundo la riqueza natural de Sonora y, al mismo tiempo, generar nuevas experiencias para quienes nos visitan\u201d, se\u00f1al\u00f3.<\/p>\n<p class=\"wp-block-paragraph\">Gradillas Pineda agreg\u00f3 que, bajo el liderazgo del gobernador Alfonso Durazo, se contin\u00faa apostando por eventos capaces de proyectar internacionalmente al estado y generar beneficios para prestadores de servicios y establecimientos locales.<\/p>\n<p class=\"wp-block-paragraph\">La competencia contar\u00e1 con recorridos de 50K, 25K, 10K y 5K, en ramas femenil y varonil. Habr\u00e1 una categor\u00eda general para participantes de hasta 44 a\u00f1os y una categor\u00eda m\u00e1ster para corredores de 45 a\u00f1os en adelante.<\/p>\n<p class=\"wp-block-paragraph\">Las rutas atravesar\u00e1n dunas, paisajes des\u00e9rticos y zonas de gran biodiversidad, teniendo adem\u00e1s la cercan\u00eda del Mar de Cort\u00e9s como uno de sus principales atractivos.<\/p>\n<p class=\"wp-block-paragraph\">Con la quinta edici\u00f3n de la Gran Carrera del Desierto, autoridades estatales buscan diversificar la oferta tur\u00edstica de Sonora y continuar posicionando al estado dentro de los segmentos de turismo deportivo y de aventura.<\/p>\n<\/div>\n\n","protected":false},"excerpt":{"rendered":"<p>Sonora se prepara para recibir el pr\u00f3ximo 24 de octubre la quinta edici\u00f3n de la Gran Carrera del Desierto, evento que espera reunir a m\u00e1s de 600 corredoras y corredores, con participaci\u00f3n de competidores provenientes de 12 pa\u00edses. La competencia, impulsada por el Gobierno de Sonora a trav\u00e9s de la Secretar\u00eda de Econom\u00eda y Turismo [&hellip;]<\/p>\n","protected":false},"author":1,"featured_media":3682,"comment_status":"open","ping_status":"open","sticky":false,"template":"","format":"standard","meta":{"footnotes":""},"categories":[75],"tags":[],"class_list":{"0":"post-3681","1":"post","2":"type-post","3":"status-publish","4":"format-standard","5":"has-post-thumbnail","7":"category-sonora"},"_links":{"self":[{"href":"https:\/\/inflexion.tv\/index.php?rest_route=\/wp\/v2\/posts\/3681","targetHints":{"allow":["GET"]}}],"collection":[{"href":"https:\/\/inflexion.tv\/index.php?rest_route=\/wp\/v2\/posts"}],"about":[{"href":"https:\/\/inflexion.tv\/index.php?rest_route=\/wp\/v2\/types\/post"}],"author":[{"embeddable":true,"href":"https:\/\/inflexion.tv\/index.php?rest_route=\/wp\/v2\/users\/1"}],"replies":[{"embeddable":true,"href":"https:\/\/inflexion.tv\/index.php?rest_route=%2Fwp%2Fv2%2Fcomments&post=3681"}],"version-history":[{"count":0,"href":"https:\/\/inflexion.tv\/index.php?rest_route=\/wp\/v2\/posts\/3681\/revisions"}],"wp:featuredmedia":[{"embeddable":true,"href":"https:\/\/inflexion.tv\/index.php?rest_route=\/wp\/v2\/media\/3682"}],"wp:attachment":[{"href":"https:\/\/inflexion.tv\/index.php?rest_route=%2Fwp%2Fv2%2Fmedia&parent=3681"}],"wp:term":[{"taxonomy":"category","embeddable":true,"href":"https:\/\/inflexion.tv\/index.php?rest_route=%2Fwp%2Fv2%2Fcategories&post=3681"},{"taxonomy":"post_tag","embeddable":true,"href":"https:\/\/inflexion.tv\/index.php?rest_route=%2Fwp%2Fv2%2Ftags&post=3681"}],"curies":[{"name":"wp","href":"https:\/\/api.w.org\/{rel}","templated":true}]}}