{"id":3683,"date":"2026-09-04T22:25:30","date_gmt":"2026-09-05T05:25:30","guid":{"rendered":"https:\/\/inflexion.tv\/?p=3683"},"modified":"2026-09-04T22:25:30","modified_gmt":"2026-09-05T05:25:30","slug":"no-vinimos-a-luchar-por-puestos-sino-a-servir-al-pueblo-jacobo-mendoza-presente-su-segundo-informe","status":"publish","type":"post","link":"https:\/\/inflexion.tv\/?p=3683","title":{"rendered":"\u201cNo vinimos a luchar por puestos, sino a servir al pueblo&#8221;: Jacobo Mendoza presente su Segundo Informe"},"content":{"rendered":"<p><br \/>\n<\/p>\n<div>\n<p class=\"wp-block-paragraph\">El diputado federal por Hermosillo, Jacobo Mendoza, present\u00f3 su Segundo Informe Legislativo ante cientos de invitados, simpatizantes y protagonistas de la Cuarta Transformaci\u00f3n en Sonora, donde destac\u00f3 el trabajo realizado desde la C\u00e1mara de Diputados y refrend\u00f3 su compromiso con el proyecto pol\u00edtico que representa.<\/p>\n<p class=\"wp-block-paragraph\">\u201cUna transformaci\u00f3n verdadera no puede hablar de futuro si no abre oportunidades a quienes hoy estudian, trabajan o emprenden y buscan construir un proyecto de vida\u201d, expres\u00f3 durante su mensaje.<\/p>\n<p class=\"wp-block-paragraph\">En su recuento de actividades, Mendoza destac\u00f3 su participaci\u00f3n en reformas de alcance nacional, entre ellas la reducci\u00f3n de la jornada laboral en M\u00e9xico a 40 horas semanales.<\/p>\n<p class=\"wp-block-paragraph\">Tambi\u00e9n resalt\u00f3 los avances legislativos en materia de aguas nacionales, as\u00ed como la creaci\u00f3n y fortalecimiento de programas sociales, entre ellos la pensi\u00f3n para mujeres y las becas Rita Cetina para estudiantes de primaria, adem\u00e1s de reformas en favor de los pueblos ind\u00edgenas.<\/p>\n<p class=\"wp-block-paragraph\">\u201cSe moderniz\u00f3 el marco de protecci\u00f3n a la propiedad industrial, se reforzaron las capacidades del Estado frente a delitos ambientales y se avanz\u00f3 en la protecci\u00f3n de la intimidad y de datos personales ante nuevas amenazas derivadas de la inteligencia artificial\u201d, se\u00f1al\u00f3.<\/p>\n<p class=\"wp-block-paragraph\">Jacobo Mendoza inform\u00f3 que durante este segundo a\u00f1o asisti\u00f3 a 92 sesiones del Pleno y que, junto con su grupo parlamentario, particip\u00f3 en la aprobaci\u00f3n de m\u00e1s de 100 leyes, decretos y reformas.<\/p>\n<p class=\"wp-block-paragraph\">El legislador record\u00f3 adem\u00e1s que forma parte de los fundadores del movimiento de transformaci\u00f3n y asegur\u00f3 que su participaci\u00f3n pol\u00edtica tiene como objetivo servir desde las distintas responsabilidades p\u00fablicas.<\/p>\n<p class=\"wp-block-paragraph\">\u201cNo vinimos a luchar por puestos, sino a servir al pueblo desde cada una de nuestras trincheras\u201d, remat\u00f3 Mendoza ante los cientos de asistentes.<\/p>\n<figure class=\"wp-block-video\"><video height=\"1024\" style=\"aspect-ratio: 576 \/ 1024;\" width=\"576\" controls=\"\" src=\"https:\/\/infoson.com.mx\/storage\/2026\/09\/WhatsApp-Video-2026-09-04-at-21.22.21-1.mp4\"\/><\/figure>\n<\/div>\n\n","protected":false},"excerpt":{"rendered":"<p>El diputado federal por Hermosillo, Jacobo Mendoza, present\u00f3 su Segundo Informe Legislativo ante cientos de invitados, simpatizantes y protagonistas de la Cuarta Transformaci\u00f3n en Sonora, donde destac\u00f3 el trabajo realizado desde la C\u00e1mara de Diputados y refrend\u00f3 su compromiso con el proyecto pol\u00edtico que representa. \u201cUna transformaci\u00f3n verdadera no puede hablar de futuro si no [&hellip;]<\/p>\n","protected":false},"author":1,"featured_media":3684,"comment_status":"open","ping_status":"open","sticky":false,"template":"","format":"standard","meta":{"footnotes":""},"categories":[75],"tags":[],"class_list":{"0":"post-3683","1":"post","2":"type-post","3":"status-publish","4":"format-standard","5":"has-post-thumbnail","7":"category-sonora"},"_links":{"self":[{"href":"https:\/\/inflexion.tv\/index.php?rest_route=\/wp\/v2\/posts\/3683","targetHints":{"allow":["GET"]}}],"collection":[{"href":"https:\/\/inflexion.tv\/index.php?rest_route=\/wp\/v2\/posts"}],"about":[{"href":"https:\/\/inflexion.tv\/index.php?rest_route=\/wp\/v2\/types\/post"}],"author":[{"embeddable":true,"href":"https:\/\/inflexion.tv\/index.php?rest_route=\/wp\/v2\/users\/1"}],"replies":[{"embeddable":true,"href":"https:\/\/inflexion.tv\/index.php?rest_route=%2Fwp%2Fv2%2Fcomments&post=3683"}],"version-history":[{"count":0,"href":"https:\/\/inflexion.tv\/index.php?rest_route=\/wp\/v2\/posts\/3683\/revisions"}],"wp:featuredmedia":[{"embeddable":true,"href":"https:\/\/inflexion.tv\/index.php?rest_route=\/wp\/v2\/media\/3684"}],"wp:attachment":[{"href":"https:\/\/inflexion.tv\/index.php?rest_route=%2Fwp%2Fv2%2Fmedia&parent=3683"}],"wp:term":[{"taxonomy":"category","embeddable":true,"href":"https:\/\/inflexion.tv\/index.php?rest_route=%2Fwp%2Fv2%2Fcategories&post=3683"},{"taxonomy":"post_tag","embeddable":true,"href":"https:\/\/inflexion.tv\/index.php?rest_route=%2Fwp%2Fv2%2Ftags&post=3683"}],"curies":[{"name":"wp","href":"https:\/\/api.w.org\/{rel}","templated":true}]}}