{"id":3685,"date":"2026-09-05T10:27:23","date_gmt":"2026-09-05T17:27:23","guid":{"rendered":"https:\/\/inflexion.tv\/?p=3685"},"modified":"2026-09-05T10:27:23","modified_gmt":"2026-09-05T17:27:23","slug":"tres-anos-exigen-experiencia-para-consolidar-la-transformacion-en-sonora-javier-lamarque","status":"publish","type":"post","link":"https:\/\/inflexion.tv\/?p=3685","title":{"rendered":"Tres a\u00f1os exigen experiencia para consolidar la Transformaci\u00f3n en Sonora: Javier Lamarque"},"content":{"rendered":"<p><br \/>\n<\/p>\n<div>\n<p class=\"wp-block-paragraph\">El siguiente periodo de gobierno en Sonora tendr\u00e1 una duraci\u00f3n de tres a\u00f1os, un plazo que exige experiencia, conocimiento del territorio y capacidad para consolidar desde el inicio los avances alcanzados, se\u00f1al\u00f3 Javier Lamarque.<\/p>\n<p class=\"wp-block-paragraph\">En recientes entrevistas con medios de comunicaci\u00f3n, Lamarque ha destacado que existen obras estrat\u00e9gicas, avances sociales y bases importantes que requieren continuidad para mantener el ritmo de la Transformaci\u00f3n y seguir generando bienestar para las familias sonorenses.<\/p>\n<p class=\"wp-block-paragraph\">\u201cEl pr\u00f3ximo gobierno del estado va a ser de tres a\u00f1os; no va a haber tiempo para aprender y mucho menos para improvisar y cometer errores. Tenemos que aprovechar desde el primer momento, desde la primera hora, para seguir avanzando y construyendo sobre lo que ya se viene haciendo\u201d, expres\u00f3 Javier Lamarque.<\/p>\n<p class=\"wp-block-paragraph\">Entre los argumentos que Lamarque ha expuesto sobre su experiencia p\u00fablica destaca haber encabezado en tres ocasiones el gobierno municipal de Cajeme, donde ha se\u00f1alado haber obtenido buenos resultados y un creciente respaldo ciudadano, adem\u00e1s de una trayectoria que le ha permitido conocer directamente las necesidades, fortalezas y vocaciones de las distintas regiones de Sonora.<\/p>\n<p class=\"wp-block-paragraph\">En la recta final de la etapa de designaci\u00f3n de quien coordinar\u00e1 los Comit\u00e9s de Defensa de la Transformaci\u00f3n y la Soberan\u00eda Nacional en Sonora, Lamarque ha reiterado la importancia de mantener la unidad, fortalecer la organizaci\u00f3n desde abajo y colocar por encima de cualquier inter\u00e9s personal la continuidad del proyecto de Transformaci\u00f3n.<\/p>\n<figure class=\"wp-block-embed is-type-video is-provider-youtube wp-block-embed-youtube wp-embed-aspect-9-16 wp-has-aspect-ratio\">\n<p><div class=\"youtube-embed\" data-video_id=\"1stIdt-2Dvk\"><iframe loading=\"lazy\" title=\"TRES A\u00d1OS EXIGEN EXPERIENCIA PARA CONSOLIDAR LA TRANSFORMACI\u00d3N EN SONORA: JAVIER LAMARQUE\" width=\"640\" height=\"360\" src=\"https:\/\/www.youtube.com\/embed\/1stIdt-2Dvk?feature=oembed&#038;enablejsapi=1\" frameborder=\"0\" allow=\"accelerometer; autoplay; clipboard-write; encrypted-media; gyroscope; picture-in-picture; web-share\" referrerpolicy=\"strict-origin-when-cross-origin\" allowfullscreen><\/iframe><\/div>\n<\/p>\n<\/figure>\n<\/div>\n\n","protected":false},"excerpt":{"rendered":"<p>El siguiente periodo de gobierno en Sonora tendr\u00e1 una duraci\u00f3n de tres a\u00f1os, un plazo que exige experiencia, conocimiento del territorio y capacidad para consolidar desde el inicio los avances alcanzados, se\u00f1al\u00f3 Javier Lamarque. En recientes entrevistas con medios de comunicaci\u00f3n, Lamarque ha destacado que existen obras estrat\u00e9gicas, avances sociales y bases importantes que requieren [&hellip;]<\/p>\n","protected":false},"author":1,"featured_media":3686,"comment_status":"open","ping_status":"open","sticky":false,"template":"","format":"standard","meta":{"footnotes":""},"categories":[75],"tags":[],"class_list":{"0":"post-3685","1":"post","2":"type-post","3":"status-publish","4":"format-standard","5":"has-post-thumbnail","7":"category-sonora"},"_links":{"self":[{"href":"https:\/\/inflexion.tv\/index.php?rest_route=\/wp\/v2\/posts\/3685","targetHints":{"allow":["GET"]}}],"collection":[{"href":"https:\/\/inflexion.tv\/index.php?rest_route=\/wp\/v2\/posts"}],"about":[{"href":"https:\/\/inflexion.tv\/index.php?rest_route=\/wp\/v2\/types\/post"}],"author":[{"embeddable":true,"href":"https:\/\/inflexion.tv\/index.php?rest_route=\/wp\/v2\/users\/1"}],"replies":[{"embeddable":true,"href":"https:\/\/inflexion.tv\/index.php?rest_route=%2Fwp%2Fv2%2Fcomments&post=3685"}],"version-history":[{"count":0,"href":"https:\/\/inflexion.tv\/index.php?rest_route=\/wp\/v2\/posts\/3685\/revisions"}],"wp:featuredmedia":[{"embeddable":true,"href":"https:\/\/inflexion.tv\/index.php?rest_route=\/wp\/v2\/media\/3686"}],"wp:attachment":[{"href":"https:\/\/inflexion.tv\/index.php?rest_route=%2Fwp%2Fv2%2Fmedia&parent=3685"}],"wp:term":[{"taxonomy":"category","embeddable":true,"href":"https:\/\/inflexion.tv\/index.php?rest_route=%2Fwp%2Fv2%2Fcategories&post=3685"},{"taxonomy":"post_tag","embeddable":true,"href":"https:\/\/inflexion.tv\/index.php?rest_route=%2Fwp%2Fv2%2Ftags&post=3685"}],"curies":[{"name":"wp","href":"https:\/\/api.w.org\/{rel}","templated":true}]}}