{"id":3687,"date":"2026-09-05T22:29:11","date_gmt":"2026-09-06T05:29:11","guid":{"rendered":"https:\/\/inflexion.tv\/?p=3687"},"modified":"2026-09-05T22:29:11","modified_gmt":"2026-09-06T05:29:11","slug":"coordinacion-y-entendimiento-son-fundamentales-para-que-sonora-siga-avanzando-javier-lamarque","status":"publish","type":"post","link":"https:\/\/inflexion.tv\/?p=3687","title":{"rendered":"Coordinaci\u00f3n y entendimiento son fundamentales para que Sonora siga avanzando: Javier Lamarque"},"content":{"rendered":"<p><br \/>\n<\/p>\n<div>\n<p class=\"wp-block-paragraph\">El trabajo conjunto, la comunicaci\u00f3n y el entendimiento entre los distintos \u00e1mbitos de gobierno son fundamentales para que los recursos fluyan, las acciones avancen y sus resultados se traduzcan en bienestar para las familias, se\u00f1al\u00f3 Javier Lamarque.<\/p>\n<p class=\"wp-block-paragraph\">En recientes entrevistas con medios de comunicaci\u00f3n, Javier Lamarque, quien participa en la definici\u00f3n para coordinar los Comit\u00e9s de Defensa de la Transformaci\u00f3n y la Soberan\u00eda Nacional en Sonora, ha destacado que la articulaci\u00f3n institucional permite sumar capacidades y atender con mayor eficacia las necesidades de cada regi\u00f3n.<\/p>\n<p class=\"wp-block-paragraph\">\u201cEs fundamental una buena coordinaci\u00f3n, una buena comunicaci\u00f3n y un buen entendimiento entre los gobiernos; cuando se rompe uno de esos eslabones, los recursos no fluyen y las acciones se paralizan\u201d, expres\u00f3 Javier Lamarque al referirse a la importancia de mantener una relaci\u00f3n institucional efectiva.<\/p>\n<p class=\"wp-block-paragraph\">Lamarque tambi\u00e9n ha destacado los resultados presentados recientemente por Claudia Sheinbaum, particularmente en estabilidad econ\u00f3mica, infraestructura, vivienda y ampliaci\u00f3n de derechos sociales, al considerar que estos avances muestran que el segundo piso de la Transformaci\u00f3n mantiene un rumbo de bienestar y desarrollo para las familias.<\/p>\n<p class=\"wp-block-paragraph\">Para Javier Lamarque, el trabajo articulado entre Sonora y el proyecto nacional permitir\u00e1 aprovechar las bases construidas por Alfonso Durazo y avanzar en sinton\u00eda con el segundo piso de la Transformaci\u00f3n, fortaleciendo los avances alcanzados y su impacto en el bienestar de las familias sonorenses.<\/p>\n<\/div>\n\n","protected":false},"excerpt":{"rendered":"<p>El trabajo conjunto, la comunicaci\u00f3n y el entendimiento entre los distintos \u00e1mbitos de gobierno son fundamentales para que los recursos fluyan, las acciones avancen y sus resultados se traduzcan en bienestar para las familias, se\u00f1al\u00f3 Javier Lamarque. En recientes entrevistas con medios de comunicaci\u00f3n, Javier Lamarque, quien participa en la definici\u00f3n para coordinar los Comit\u00e9s [&hellip;]<\/p>\n","protected":false},"author":1,"featured_media":3688,"comment_status":"open","ping_status":"open","sticky":false,"template":"","format":"standard","meta":{"footnotes":""},"categories":[75],"tags":[],"class_list":{"0":"post-3687","1":"post","2":"type-post","3":"status-publish","4":"format-standard","5":"has-post-thumbnail","7":"category-sonora"},"_links":{"self":[{"href":"https:\/\/inflexion.tv\/index.php?rest_route=\/wp\/v2\/posts\/3687","targetHints":{"allow":["GET"]}}],"collection":[{"href":"https:\/\/inflexion.tv\/index.php?rest_route=\/wp\/v2\/posts"}],"about":[{"href":"https:\/\/inflexion.tv\/index.php?rest_route=\/wp\/v2\/types\/post"}],"author":[{"embeddable":true,"href":"https:\/\/inflexion.tv\/index.php?rest_route=\/wp\/v2\/users\/1"}],"replies":[{"embeddable":true,"href":"https:\/\/inflexion.tv\/index.php?rest_route=%2Fwp%2Fv2%2Fcomments&post=3687"}],"version-history":[{"count":0,"href":"https:\/\/inflexion.tv\/index.php?rest_route=\/wp\/v2\/posts\/3687\/revisions"}],"wp:featuredmedia":[{"embeddable":true,"href":"https:\/\/inflexion.tv\/index.php?rest_route=\/wp\/v2\/media\/3688"}],"wp:attachment":[{"href":"https:\/\/inflexion.tv\/index.php?rest_route=%2Fwp%2Fv2%2Fmedia&parent=3687"}],"wp:term":[{"taxonomy":"category","embeddable":true,"href":"https:\/\/inflexion.tv\/index.php?rest_route=%2Fwp%2Fv2%2Fcategories&post=3687"},{"taxonomy":"post_tag","embeddable":true,"href":"https:\/\/inflexion.tv\/index.php?rest_route=%2Fwp%2Fv2%2Ftags&post=3687"}],"curies":[{"name":"wp","href":"https:\/\/api.w.org\/{rel}","templated":true}]}}