{"id":3689,"date":"2026-09-06T10:30:41","date_gmt":"2026-09-06T17:30:41","guid":{"rendered":"https:\/\/inflexion.tv\/?p=3689"},"modified":"2026-09-06T10:30:41","modified_gmt":"2026-09-06T17:30:41","slug":"durazo-destaca-inversion-historica-en-salud-sonora-suma-10-hospitales-en-cinco-anos","status":"publish","type":"post","link":"https:\/\/inflexion.tv\/?p=3689","title":{"rendered":"Durazo destaca inversi\u00f3n hist\u00f3rica en salud: Sonora suma 10 hospitales en cinco a\u00f1os"},"content":{"rendered":"<p><br \/>\n<\/p>\n<div>\n<p class=\"wp-block-paragraph\">En el marco de su Quinto Informe de Gobierno, el gobernador Alfonso Durazo Monta\u00f1o destac\u00f3 el fortalecimiento de la infraestructura y los servicios de salud en Sonora durante los primeros cinco a\u00f1os de su administraci\u00f3n.<\/p>\n<p class=\"wp-block-paragraph\">El mandatario estatal inform\u00f3 que en este periodo se han sumado 10 hospitales a la infraestructura de salud de la entidad y que el n\u00famero de camas disponibles para la atenci\u00f3n de pacientes se increment\u00f3 en 90 por ciento.<\/p>\n<p class=\"wp-block-paragraph\">Durazo se\u00f1al\u00f3 adem\u00e1s que la inversi\u00f3n realizada en infraestructura y atenci\u00f3n m\u00e9dica durante su gobierno es cinco veces mayor a la registrada en los \u00faltimos 30 a\u00f1os, como parte de la estrategia para ampliar y mejorar los servicios destinados a las familias sonorenses.<\/p>\n<p class=\"wp-block-paragraph\">El gobernador reconoci\u00f3 el respaldo del Gobierno de M\u00e9xico para concretar estas acciones y asegur\u00f3 que la ampliaci\u00f3n de la capacidad hospitalaria permite avanzar hacia una mayor cobertura y mejores condiciones de atenci\u00f3n m\u00e9dica en el estado.<\/p>\n<p class=\"wp-block-paragraph\">De cara a su Quinto Informe de Gobierno, Durazo ha destacado los avances alcanzados durante su administraci\u00f3n en distintas \u00e1reas y sostuvo que el fortalecimiento del sistema de salud constituye uno de los principales resultados de los primeros cinco a\u00f1os de gobierno.<\/p>\n<figure class=\"wp-block-embed is-type-video is-provider-youtube wp-block-embed-youtube wp-embed-aspect-16-9 wp-has-aspect-ratio\">\n<p><div class=\"youtube-embed\" data-video_id=\"h27MJlJBL5c\"><iframe loading=\"lazy\" title=\"DURAZO DESTACA INVERSI\u00d3N HIST\u00d3RICA EN SALUD: SONORA SUMA 10 HOSPITALES EN CINCO A\u00d1OS\" width=\"640\" height=\"360\" src=\"https:\/\/www.youtube.com\/embed\/h27MJlJBL5c?feature=oembed&#038;enablejsapi=1\" frameborder=\"0\" allow=\"accelerometer; autoplay; clipboard-write; encrypted-media; gyroscope; picture-in-picture; web-share\" referrerpolicy=\"strict-origin-when-cross-origin\" allowfullscreen><\/iframe><\/div>\n<\/p>\n<\/figure>\n<\/div>\n\n","protected":false},"excerpt":{"rendered":"<p>En el marco de su Quinto Informe de Gobierno, el gobernador Alfonso Durazo Monta\u00f1o destac\u00f3 el fortalecimiento de la infraestructura y los servicios de salud en Sonora durante los primeros cinco a\u00f1os de su administraci\u00f3n. El mandatario estatal inform\u00f3 que en este periodo se han sumado 10 hospitales a la infraestructura de salud de la [&hellip;]<\/p>\n","protected":false},"author":1,"featured_media":3690,"comment_status":"open","ping_status":"open","sticky":false,"template":"","format":"standard","meta":{"footnotes":""},"categories":[75],"tags":[],"class_list":{"0":"post-3689","1":"post","2":"type-post","3":"status-publish","4":"format-standard","5":"has-post-thumbnail","7":"category-sonora"},"_links":{"self":[{"href":"https:\/\/inflexion.tv\/index.php?rest_route=\/wp\/v2\/posts\/3689","targetHints":{"allow":["GET"]}}],"collection":[{"href":"https:\/\/inflexion.tv\/index.php?rest_route=\/wp\/v2\/posts"}],"about":[{"href":"https:\/\/inflexion.tv\/index.php?rest_route=\/wp\/v2\/types\/post"}],"author":[{"embeddable":true,"href":"https:\/\/inflexion.tv\/index.php?rest_route=\/wp\/v2\/users\/1"}],"replies":[{"embeddable":true,"href":"https:\/\/inflexion.tv\/index.php?rest_route=%2Fwp%2Fv2%2Fcomments&post=3689"}],"version-history":[{"count":0,"href":"https:\/\/inflexion.tv\/index.php?rest_route=\/wp\/v2\/posts\/3689\/revisions"}],"wp:featuredmedia":[{"embeddable":true,"href":"https:\/\/inflexion.tv\/index.php?rest_route=\/wp\/v2\/media\/3690"}],"wp:attachment":[{"href":"https:\/\/inflexion.tv\/index.php?rest_route=%2Fwp%2Fv2%2Fmedia&parent=3689"}],"wp:term":[{"taxonomy":"category","embeddable":true,"href":"https:\/\/inflexion.tv\/index.php?rest_route=%2Fwp%2Fv2%2Fcategories&post=3689"},{"taxonomy":"post_tag","embeddable":true,"href":"https:\/\/inflexion.tv\/index.php?rest_route=%2Fwp%2Fv2%2Ftags&post=3689"}],"curies":[{"name":"wp","href":"https:\/\/api.w.org\/{rel}","templated":true}]}}